[{"title":"Guerra Ir\u00e1n | Directo:  Israel ordena evacuar m\u00e1s de 15 localidades en L\u00edbano en el marco de sus ataques contra Hezbol\u00e1","link":"https:\/\/www.europapress.es\/internacional\/noticia-guerra-iran-directo-hoy-ultima-hora-conflicto-eeuu-israel-iran-20260421074448.html","description":"\u00a0 \u00a0El Mando Central de las Fuerzas Armadas de Estados Unidos (CENTCOM) ha informado este lunes que ha interceptado un petrolero iran\u00ed, en el marco del bloqueo impuesto contra los puertos de la Rep\u00fablica Isl\u00e1mica en el estrat\u00e9gico estrecho de Ormuz, una actuaci\u00f3n que ha sido calificada por Teher\u00e1n como una \"violaci\u00f3n del alto el fuego\" alcanzado entre ambos pa\u00edses.","guid":"https:\/\/www.europapress.es\/internacional\/noticia-guerra-iran-directo-hoy-ultima-hora-conflicto-eeuu-israel-iran-20260421074448.html","pubDate":"Tue, 21 Apr 2026 05:44:48 GMT","category":"Internacional"},{"title":"El apag\u00f3n cumple un a\u00f1o, y tras informes y comisiones de investigaci\u00f3n sigue sin haber un claro culpable","link":"https:\/\/www.europapress.es\/economia\/energia-00341\/noticia-apagon-cumple-ano-informes-comisiones-investigacion-sigue-haber-claro-culpable-20260426113037.html","description":"   Este martes, 28 de abril, se cumple un a\u00f1o del hist\u00f3rico cero el\u00e9ctrico que dej\u00f3 a millones de habitantes en Espa\u00f1a y Portugal a oscuras durante horas y que, doce meses despu\u00e9s, con varios informes sobre la mesa y una Comisi\u00f3n parlamentaria ya terminada y otra en marcha, se sigue sin se\u00f1alar a un culpable del incidente.","guid":"https:\/\/www.europapress.es\/economia\/energia-00341\/noticia-apagon-cumple-ano-informes-comisiones-investigacion-sigue-haber-claro-culpable-20260426113037.html","pubDate":"Sun, 26 Apr 2026 09:30:37 GMT","category":["Econom\u00eda Finanzas","Energ\u00eda"]},{"title":"P\u00e9rez de los Cobos no recuerda operaciones con fondos reservados sobre Kitchen y descarta irregularidades","link":"https:\/\/www.europapress.es\/nacional\/noticia-perez-cobos-no-recuerda-operaciones-fondos-reservados-kitchen-descarta-irregularidades-20260428115038.html","description":"\u00a0 \u00a0El coronel jubilado de la Guardia Civil Diego P\u00e9rez de los Cobos ha asegurado este martes que no recuerda que la 'Operaci\u00f3n Kitchen' apareciera en los documentos de los fondos reservados del Ministerio del Interior y que no detect\u00f3 \"ninguna irregularidad\".","enclosure":{"@attributes":{"url":"https:\/\/img.europapress.es\/fotoweb\/fotonoticia_20260428115038_120_v2.jpg","length":"4096","type":"image\/jpeg"}},"guid":"https:\/\/www.europapress.es\/nacional\/noticia-perez-cobos-no-recuerda-operaciones-fondos-reservados-kitchen-descarta-irregularidades-20260428115038.html","pubDate":"Tue, 28 Apr 2026 09:50:38 GMT","category":"Nacional"},{"title":"El Gobierno cifra en hasta 8 d\u00e9cimas el impacto de la guerra en PIB pero mantiene la previsi\u00f3n en el 2,2%","link":"https:\/\/www.europapress.es\/economia\/macroeconomia-00338\/noticia-gobierno-cifra-decimas-impacto-guerra-pib-mantiene-prevision-22-20260428134643.html","description":"\u00a0 \u00a0El Gobierno ha decidido mantener su previsi\u00f3n de crecimiento del Producto Interior Bruto (PIB) en el 2,2% para 2026, aunque ha advertido de que el impacto del conflicto en Oriente Medio puede alcanzar las ocho d\u00e9cimas, y ha recortado sus estimaciones para el d\u00e9ficit p\u00fablico hasta el 1,6% del PIB este a\u00f1o.","enclosure":{"@attributes":{"url":"https:\/\/img.europapress.es\/fotoweb\/fotonoticia_20260428134643_120_v2.jpg","length":"4096","type":"image\/jpeg"}},"guid":"https:\/\/www.europapress.es\/economia\/macroeconomia-00338\/noticia-gobierno-cifra-decimas-impacto-guerra-pib-mantiene-prevision-22-20260428134643.html","pubDate":"Tue, 28 Apr 2026 11:46:43 GMT","category":["Econom\u00eda Finanzas","Macroeconom\u00eda"]},{"title":"D\u00edaz llama a la movilizaci\u00f3n social si el Congreso tumba el decreto de pr\u00f3rroga de los alquileres","link":"https:\/\/www.europapress.es\/economia\/construccion-y-vivienda-00342\/noticia-diaz-llama-movilizacion-social-si-congreso-tumba-decreto-prorroga-alquileres-20260428141053.html","description":"Cuerpo afirma que los proyectos que salen del Consejo de Ministros \"son entendidos por todos los ministros como proyectos del Gobierno\"","enclosure":{"@attributes":{"url":"https:\/\/img.europapress.es\/fotoweb\/fotonoticia_20260428141053_120.jpg","length":"4096","type":"image\/jpeg"}},"guid":"https:\/\/www.europapress.es\/economia\/construccion-y-vivienda-00342\/noticia-diaz-llama-movilizacion-social-si-congreso-tumba-decreto-prorroga-alquileres-20260428141053.html","pubDate":"Tue, 28 Apr 2026 12:10:53 GMT","category":["Econom\u00eda Finanzas","Construcci\u00f3n y vivienda"]},{"title":"La CIAF remarca la hip\u00f3tesis de la rotura de carril como causa del descarrilamiento y posterior colisi\u00f3n en Adamuz","link":"https:\/\/www.europapress.es\/andalucia\/noticia-ciaf-remarca-hipotesis-rotura-carril-causa-descarrilamiento-posterior-colision-adamuz-20260428141934.html","description":"\u00a0 \u00a0La Comisi\u00f3n de Investigaci\u00f3n de Accidentes Ferroviarios (CIAF) ha presentado un nuevo informe ante la jueza de la plaza n\u00famero 2 del Tribunal de Instancia de Montoro (C\u00f3rdoba), que lleva el caso del siniestro ferroviario de Adamuz, que el domingo 18 de enero caus\u00f3 46 fallecidos y m\u00e1s de 120 heridos, y concluye como causa del descarrilamiento y posterior colisi\u00f3n \"la existencia de una rotura de carril a la altura del kil\u00f3metro 318,681\".","enclosure":{"@attributes":{"url":"https:\/\/img.europapress.es\/fotoweb\/fotonoticia_20260428141934_120_v3.jpg","length":"4096","type":"image\/jpeg"}},"guid":"https:\/\/www.europapress.es\/andalucia\/noticia-ciaf-remarca-hipotesis-rotura-carril-causa-descarrilamiento-posterior-colision-adamuz-20260428141934.html","pubDate":"Tue, 28 Apr 2026 12:19:34 GMT","category":"Andaluc\u00eda"}]