[{"id":"tag:www.bbcmundo.com,2014-09-23:34897920","updated":"2014-09-23T14:28:48+00:00","published":"2014-09-23T14:00:16+00:00","category":[{"@attributes":{"term":"mundo","label":"mundo"}},{"@attributes":{"term":"rolling_news","label":"\u00daltima Hora"}}],"rights":"restricted","title":"EE.UU.: Obama destaca ayuda de pa\u00edses \u00e1rabes contra Estado Isl\u00e1mico","summary":"En una alocuci\u00f3n desde la Casa Blanca, Obama dijo que el trabajo de la coalici\u00f3n demuestra que Estados Unidos no est\u00e1 combatiendo solo a Estado Isl\u00e1mico.","link":{"@attributes":{"rel":"alternate","type":"text\/html","title":"story","href":"http:\/\/www.bbc.co.uk\/mundo\/ultimas_noticias\/2014\/09\/140923_ultnot_eeuu_obama_ataques_siria_tsb.shtml"},"media_content":{"media_thumbnail":[{"@attributes":{"url":"http:\/\/ichef.bbci.co.uk\/wsimagechef\/ic\/106x60\/amz\/worldservice\/live\/assets\/images\/2014\/09\/19\/140919000141_obama_144x81_getty_nocredit.jpg","width":"106","height":"60"},"img":{"@attributes":{"alt":"","width":"106","height":"60","src":"http:\/\/ichef.bbci.co.uk\/wsimagechef\/ic\/106x60\/amz\/worldservice\/live\/assets\/images\/2014\/09\/19\/140919000141_obama_144x81_getty_nocredit.jpg"}}},{"@attributes":{"url":"http:\/\/a.files.bbci.co.uk\/worldservice\/live\/assets\/images\/2014\/09\/19\/140919000141_obama_144x81_getty_nocredit.jpg","width":"144","height":"81"},"img":{"@attributes":{"alt":"Obama","width":"144","height":"81","src":"http:\/\/a.files.bbci.co.uk\/worldservice\/live\/assets\/images\/2014\/09\/19\/140919000141_obama_144x81_getty_nocredit.jpg"}}}]}}},{"id":"tag:www.bbcmundo.com,2014-09-21:34854892","updated":"2014-09-21T17:24:43+00:00","published":"2014-09-21T17:19:55+00:00","category":[{"@attributes":{"term":"mundo","label":"mundo"}},{"@attributes":{"term":"rolling_news","label":"\u00daltima Hora"}}],"rights":"not restricted","title":"Liga Premier: con gol de Lampard, Manchester City empat\u00f3 con el Chelsea","summary":"El goleador hist\u00f3rico del Chelsea fue el responsable de evitar la victoria de su antiguo club frente al equipo que dirige el chileno Manuel Pellegrini. El encuentro termin\u00f3 1-1.","link":{"@attributes":{"rel":"alternate","type":"text\/html","title":"story","href":"http:\/\/www.bbc.co.uk\/mundo\/ultimas_noticias\/2014\/09\/140921_ultnot_manchester_city_lampard_chelsea_amv.shtml"},"media_content":{"media_thumbnail":[{"@attributes":{"url":"http:\/\/ichef.bbci.co.uk\/wsimagechef\/ic\/106x60\/amz\/worldservice\/live\/assets\/images\/2014\/09\/21\/140921171919_lampard_chelsea_144x81_getty_nocredit.jpg","width":"106","height":"60"},"img":{"@attributes":{"alt":"","width":"106","height":"60","src":"http:\/\/ichef.bbci.co.uk\/wsimagechef\/ic\/106x60\/amz\/worldservice\/live\/assets\/images\/2014\/09\/21\/140921171919_lampard_chelsea_144x81_getty_nocredit.jpg"}}},{"@attributes":{"url":"http:\/\/a.files.bbci.co.uk\/worldservice\/live\/assets\/images\/2014\/09\/21\/140921171919_lampard_chelsea_144x81_getty_nocredit.jpg","width":"144","height":"81"},"img":{"@attributes":{"alt":"Lampard con el Manchester City","width":"144","height":"81","src":"http:\/\/a.files.bbci.co.uk\/worldservice\/live\/assets\/images\/2014\/09\/21\/140921171919_lampard_chelsea_144x81_getty_nocredit.jpg"}}}]}}},{"id":"tag:www.bbcmundo.com,2014-09-21:34846085","updated":"2014-09-21T09:15:34+00:00","published":"2014-09-21T09:15:34+00:00","category":[{"@attributes":{"term":"mundo","label":"mundo"}},{"@attributes":{"term":"rolling_news","label":"\u00daltima Hora"}}],"rights":"not restricted","title":"Explosi\u00f3n cerca de canciller\u00eda egipcia ","summary":"Dos polic\u00edas resultaron muertos por el estallido de una bomba en los alrededores del ministerio de Relaciones Exteriores de Egipto.","link":{"@attributes":{"rel":"alternate","type":"text\/html","title":"story","href":"http:\/\/www.bbc.co.uk\/mundo\/ultimas_noticias\/2014\/09\/140921_ultnot_egipto_estallido_hr.shtml"},"media_content":{"media_thumbnail":[{"@attributes":{"url":"http:\/\/ichef.bbci.co.uk\/wsimagechef\/ic\/106x60\/amz\/worldservice\/live\/assets\/images\/2011\/09\/21\/110921113521_rolling_news_gel_144x81.jpg","width":"106","height":"60"},"img":{"@attributes":{"alt":"","width":"106","height":"60","src":"http:\/\/ichef.bbci.co.uk\/wsimagechef\/ic\/106x60\/amz\/worldservice\/live\/assets\/images\/2011\/09\/21\/110921113521_rolling_news_gel_144x81.jpg"}}},{"@attributes":{"url":"http:\/\/a.files.bbci.co.uk\/worldservice\/live\/assets\/images\/2011\/09\/21\/110921113521_rolling_news_gel_144x81.jpg","width":"144","height":"81"},"img":{"@attributes":{"alt":"","width":"144","height":"81","src":"http:\/\/a.files.bbci.co.uk\/worldservice\/live\/assets\/images\/2011\/09\/21\/110921113521_rolling_news_gel_144x81.jpg"}}}]}}},{"id":"tag:www.bbcmundo.com,2014-09-21:34847097","updated":"2014-09-21T10:31:12+00:00","published":"2014-09-21T10:31:12+00:00","category":[{"@attributes":{"term":"mundo","label":"mundo"}},{"@attributes":{"term":"rolling_news","label":"\u00daltima Hora"}}],"rights":"not restricted","title":"Papa Francisco oficia misa multitudinaria en la capital albanesa","summary":"Decenas de miles de albaneses de todas las religiones asisten a una misa oficiada por el papa Francisco en Tirana.","link":{"@attributes":{"rel":"alternate","type":"text\/html","title":"story","href":"http:\/\/www.bbc.co.uk\/mundo\/ultimas_noticias\/2014\/09\/140921_ultnot_papa_albania.shtml"},"media_content":{"media_thumbnail":[{"@attributes":{"url":"http:\/\/ichef.bbci.co.uk\/wsimagechef\/ic\/106x60\/amz\/worldservice\/live\/assets\/images\/2014\/09\/21\/140921102046_papa_albania_144x81_ap_nocredit.jpg","width":"106","height":"60"},"img":{"@attributes":{"alt":"","width":"106","height":"60","src":"http:\/\/ichef.bbci.co.uk\/wsimagechef\/ic\/106x60\/amz\/worldservice\/live\/assets\/images\/2014\/09\/21\/140921102046_papa_albania_144x81_ap_nocredit.jpg"}}},{"@attributes":{"url":"http:\/\/a.files.bbci.co.uk\/worldservice\/live\/assets\/images\/2014\/09\/21\/140921102046_papa_albania_144x81_ap_nocredit.jpg","width":"144","height":"81"},"img":{"@attributes":{"alt":"Papa Francisco","width":"144","height":"81","src":"http:\/\/a.files.bbci.co.uk\/worldservice\/live\/assets\/images\/2014\/09\/21\/140921102046_papa_albania_144x81_ap_nocredit.jpg"}}}]}}},{"id":"tag:www.bbcmundo.com,2014-09-21:34848438","updated":"2014-09-21T11:21:16+00:00","published":"2014-09-21T11:21:16+00:00","category":[{"@attributes":{"term":"mundo","label":"mundo"}},{"@attributes":{"term":"rolling_news","label":"\u00daltima Hora"}}],"rights":"not restricted","title":"Miles de personas participan en jornada mundial de protestas por cambio clim\u00e1tico","summary":"Desde Australia y Londres hasta R\u00edo de Janeiro y Nueva York, miles de personas, incluidas estrellas del cine y la m\u00fasica, exigieron que se tomen acciones urgentes sobre el cambio clim\u00e1tico.","link":{"@attributes":{"rel":"alternate","type":"text\/html","title":"story","href":"http:\/\/www.bbc.co.uk\/mundo\/ultimas_noticias\/2014\/09\/140921_ultnot_marchas_cambio_climatico_hr.shtml"},"media_content":{"media_thumbnail":[{"@attributes":{"url":"http:\/\/ichef.bbci.co.uk\/wsimagechef\/ic\/106x60\/amz\/worldservice\/live\/assets\/images\/2014\/09\/21\/140921193510_climate_change_march_ny_dicaprio_144x81_getty_nocredit.jpg","width":"106","height":"60"},"img":{"@attributes":{"alt":"","width":"106","height":"60","src":"http:\/\/ichef.bbci.co.uk\/wsimagechef\/ic\/106x60\/amz\/worldservice\/live\/assets\/images\/2014\/09\/21\/140921193510_climate_change_march_ny_dicaprio_144x81_getty_nocredit.jpg"}}},{"@attributes":{"url":"http:\/\/a.files.bbci.co.uk\/worldservice\/live\/assets\/images\/2014\/09\/21\/140921193510_climate_change_march_ny_dicaprio_144x81_getty_nocredit.jpg","width":"144","height":"81"},"img":{"@attributes":{"alt":"Leonardo DiCaprio en la marcha de Nueva York","width":"144","height":"81","src":"http:\/\/a.files.bbci.co.uk\/worldservice\/live\/assets\/images\/2014\/09\/21\/140921193510_climate_change_march_ny_dicaprio_144x81_getty_nocredit.jpg"}}}]}}},{"id":"tag:www.bbcmundo.com,2014-09-21:34849500","updated":"2014-09-21T12:00:42+00:00","published":"2014-09-21T12:00:42+00:00","category":[{"@attributes":{"term":"mundo","label":"mundo"}},{"@attributes":{"term":"rolling_news","label":"\u00daltima Hora"}}],"rights":"not restricted","title":"Kenia recuerda v\u00edctimas de atentado en centro comercial de Nairobi","summary":"Hace un a\u00f1o un ataque que se atribuy\u00f3 el grupo islamista somal\u00ed al Shabab, provoc\u00f3 la muerte de al menos 67 personas. ","link":{"@attributes":{"rel":"alternate","type":"text\/html","title":"story","href":"http:\/\/www.bbc.co.uk\/mundo\/ultimas_noticias\/2014\/09\/140921_ultnot_kenia_aniversario_atentado_hr.shtml"},"media_content":{}}}]