[{"title":"Champions League hoy: Luis Enrique dice tener el 'ant\u00eddoto' contra Luis D\u00edaz en la final adelantada del PSG contra Bayern M\u00fanich","pubDate":"2026-04-28T09:26:24-05:00","link":"https:\/\/www.eltiempo.com\/deportes\/futbol-internacional\/champions-league-hoy-luis-enrique-dice-tener-el-antidoto-contra-luis-diaz-en-la-final-adelantada-del-psg-contra-bayern-munich-3551484","guid":"https:\/\/www.eltiempo.com\/deportes\/futbol-internacional\/champions-league-hoy-luis-enrique-dice-tener-el-antidoto-contra-luis-diaz-en-la-final-adelantada-del-psg-contra-bayern-munich-3551484","enclosure":{"@attributes":{"type":"image\/jpeg","length":"","url":"https:\/\/imagenes2.eltiempo.com\/files\/og_thumbnail\/files\/fp\/uploads\/2026\/04\/28\/69f0c106a2b33.r_d.960-540-0.jpeg"}},"category":"F\u00fatbol Internacional","description":"El DT espa\u00f1ol le puso la lupa a Michael Olise y Luis D\u00edaz. Ser\u00e1 un choque de trenes en Par\u00eds."},{"title":"Champions League hoy: Luis Enrique dice tener el 'ant\u00eddoto' contra Luis D\u00edaz en la final adelantada del PSG contra Bayern M\u00fanich","pubDate":"2026-04-28T09:26:24-05:00","link":"https:\/\/www.eltiempo.com\/deportes\/futbol-internacional\/champions-league-hoy-luis-enrique-dice-tener-el-antidoto-contra-luis-diaz-en-la-final-adelantada-del-psg-contra-bayern-munich-3551484","guid":"https:\/\/www.eltiempo.com\/deportes\/futbol-internacional\/champions-league-hoy-luis-enrique-dice-tener-el-antidoto-contra-luis-diaz-en-la-final-adelantada-del-psg-contra-bayern-munich-3551484","enclosure":{"@attributes":{"type":"image\/jpeg","length":"","url":"https:\/\/imagenes2.eltiempo.com\/files\/og_thumbnail\/files\/fp\/uploads\/2026\/04\/28\/69f0c106a2b33.r_d.960-540-0.jpeg"}},"category":"F\u00fatbol Internacional","description":"El DT espa\u00f1ol le puso la lupa a Michael Olise y Luis D\u00edaz. Ser\u00e1 un choque de trenes en Par\u00eds."},{"title":"Revelan el bombazo que preparar\u00eda N\u00e9stor Lorenzo en la convocatoria de la Selecci\u00f3n Colombia para el Mundial: delantero ser\u00eda la gran sorpresa","pubDate":"2026-04-28T08:28:50-05:00","link":"https:\/\/www.eltiempo.com\/deportes\/futbol-internacional\/revelan-el-bombazo-que-prepararia-nestor-lorenzo-en-la-convocatoria-de-la-seleccion-colombia-para-el-mundial-delantero-seria-la-gran-sorpresa-3551468","guid":"https:\/\/www.eltiempo.com\/deportes\/futbol-internacional\/revelan-el-bombazo-que-prepararia-nestor-lorenzo-en-la-convocatoria-de-la-seleccion-colombia-para-el-mundial-delantero-seria-la-gran-sorpresa-3551468","enclosure":{"@attributes":{"type":"image\/jpeg","length":"","url":"https:\/\/imagenes2.eltiempo.com\/files\/og_thumbnail\/files\/fp\/uploads\/2025\/11\/15\/69194add4832e.r_d.872-260-0.jpeg"}},"category":"F\u00fatbol Internacional","description":"Lorenzo tendr\u00eda entre sus fijos a Jhon C\u00f3rdoba y Luis Javier Su\u00e1rez. El tercer cupo de delantero sigue vacante."},{"title":"Revelan el bombazo que preparar\u00eda N\u00e9stor Lorenzo en la convocatoria de la Selecci\u00f3n Colombia para el Mundial: delantero ser\u00eda la gran sorpresa","pubDate":"2026-04-28T08:28:50-05:00","link":"https:\/\/www.eltiempo.com\/deportes\/futbol-internacional\/revelan-el-bombazo-que-prepararia-nestor-lorenzo-en-la-convocatoria-de-la-seleccion-colombia-para-el-mundial-delantero-seria-la-gran-sorpresa-3551468","guid":"https:\/\/www.eltiempo.com\/deportes\/futbol-internacional\/revelan-el-bombazo-que-prepararia-nestor-lorenzo-en-la-convocatoria-de-la-seleccion-colombia-para-el-mundial-delantero-seria-la-gran-sorpresa-3551468","enclosure":{"@attributes":{"type":"image\/jpeg","length":"","url":"https:\/\/imagenes2.eltiempo.com\/files\/og_thumbnail\/files\/fp\/uploads\/2025\/11\/15\/69194add4832e.r_d.872-260-0.jpeg"}},"category":"F\u00fatbol Internacional","description":"Lorenzo tendr\u00eda entre sus fijos a Jhon C\u00f3rdoba y Luis Javier Su\u00e1rez. El tercer cupo de delantero sigue vacante."},{"title":"Real Madrid busca t\u00e9cnico para la pr\u00f3xima temporada y su presidente, Florentino P\u00e9rez, tendr\u00eda al nombre ideal para el banquillo","pubDate":"2026-04-28T08:04:36-05:00","link":"https:\/\/www.eltiempo.com\/deportes\/futbol-internacional\/real-madrid-busca-tecnico-para-la-proxima-temporada-y-su-presidente-florentino-perez-tendria-al-nombre-ideal-para-el-banquillo-3551458","guid":"https:\/\/www.eltiempo.com\/deportes\/futbol-internacional\/real-madrid-busca-tecnico-para-la-proxima-temporada-y-su-presidente-florentino-perez-tendria-al-nombre-ideal-para-el-banquillo-3551458","enclosure":{"@attributes":{"type":"image\/jpeg","length":"","url":"https:\/\/imagenes2.eltiempo.com\/files\/og_thumbnail\/files\/fp\/uploads\/2024\/11\/24\/6743768141af8.r_d.916-178-0.jpeg"}},"category":"F\u00fatbol Internacional","description":"Florentino P\u00e9rez tiene entre ceja y ceja a prestigioso DT del f\u00fatbol europeo. Arbeloa tendr\u00eda los d\u00edas contados."},{"title":"Real Madrid busca t\u00e9cnico para la pr\u00f3xima temporada y su presidente, Florentino P\u00e9rez, tendr\u00eda al nombre ideal para el banquillo","pubDate":"2026-04-28T08:04:36-05:00","link":"https:\/\/www.eltiempo.com\/deportes\/futbol-internacional\/real-madrid-busca-tecnico-para-la-proxima-temporada-y-su-presidente-florentino-perez-tendria-al-nombre-ideal-para-el-banquillo-3551458","guid":"https:\/\/www.eltiempo.com\/deportes\/futbol-internacional\/real-madrid-busca-tecnico-para-la-proxima-temporada-y-su-presidente-florentino-perez-tendria-al-nombre-ideal-para-el-banquillo-3551458","enclosure":{"@attributes":{"type":"image\/jpeg","length":"","url":"https:\/\/imagenes2.eltiempo.com\/files\/og_thumbnail\/files\/fp\/uploads\/2024\/11\/24\/6743768141af8.r_d.916-178-0.jpeg"}},"category":"F\u00fatbol Internacional","description":"Florentino P\u00e9rez tiene entre ceja y ceja a prestigioso DT del f\u00fatbol europeo. Arbeloa tendr\u00eda los d\u00edas contados."},{"title":"Richard R\u00edos no le teme a los grandes retos y habla con propiedad del sue\u00f1o de la Selecci\u00f3n Colombia en el Mundial: la vara est\u00e1 alta","pubDate":"2026-04-28T07:05:50-05:00","link":"https:\/\/www.eltiempo.com\/deportes\/futbol-internacional\/richard-rios-no-le-teme-a-los-grandes-retos-y-habla-con-propiedad-del-sueno-de-la-seleccion-colombia-en-el-mundial-la-vara-esta-alta-3551446","guid":"https:\/\/www.eltiempo.com\/deportes\/futbol-internacional\/richard-rios-no-le-teme-a-los-grandes-retos-y-habla-con-propiedad-del-sueno-de-la-seleccion-colombia-en-el-mundial-la-vara-esta-alta-3551446","enclosure":{"@attributes":{"type":"image\/jpeg","length":"","url":"https:\/\/imagenes2.eltiempo.com\/files\/og_thumbnail\/files\/fp\/uploads\/2025\/11\/05\/690bd68462156.r_d.1097-467-0.jpeg"}},"category":"F\u00fatbol Internacional","description":"El colombiano explic\u00f3 que en el grupo de la Selecci\u00f3n hay ambici\u00f3n de triunfar en la Copa del Mundo."},{"title":"Richard R\u00edos no le teme a los grandes retos y habla con propiedad del sue\u00f1o de la Selecci\u00f3n Colombia en el Mundial: la vara est\u00e1 alta","pubDate":"2026-04-28T07:05:50-05:00","link":"https:\/\/www.eltiempo.com\/deportes\/futbol-internacional\/richard-rios-no-le-teme-a-los-grandes-retos-y-habla-con-propiedad-del-sueno-de-la-seleccion-colombia-en-el-mundial-la-vara-esta-alta-3551446","guid":"https:\/\/www.eltiempo.com\/deportes\/futbol-internacional\/richard-rios-no-le-teme-a-los-grandes-retos-y-habla-con-propiedad-del-sueno-de-la-seleccion-colombia-en-el-mundial-la-vara-esta-alta-3551446","enclosure":{"@attributes":{"type":"image\/jpeg","length":"","url":"https:\/\/imagenes2.eltiempo.com\/files\/og_thumbnail\/files\/fp\/uploads\/2025\/11\/05\/690bd68462156.r_d.1097-467-0.jpeg"}},"category":"F\u00fatbol Internacional","description":"El colombiano explic\u00f3 que en el grupo de la Selecci\u00f3n hay ambici\u00f3n de triunfar en la Copa del Mundo."},{"title":"Acolfutpro denunci\u00f3 posible discriminaci\u00f3n laboral en el f\u00fatbol femenino y gener\u00f3 tenso cruce pol\u00edtico: MinTrabajo respondi\u00f3","pubDate":"2026-04-28T07:00:19-05:00","link":"https:\/\/www.eltiempo.com\/deportes\/futbol-colombiano\/acolfutpro-denuncio-posible-discriminacion-laboral-en-el-futbol-femenino-y-genero-tenso-cruce-politico-mintrabajo-respondio-3551417","guid":"https:\/\/www.eltiempo.com\/deportes\/futbol-colombiano\/acolfutpro-denuncio-posible-discriminacion-laboral-en-el-futbol-femenino-y-genero-tenso-cruce-politico-mintrabajo-respondio-3551417","enclosure":{"@attributes":{"type":"image\/jpeg","length":"","url":"https:\/\/imagenes2.eltiempo.com\/files\/og_thumbnail\/files\/fp\/uploads\/2026\/04\/27\/69f02a1571cc8.r_d.929-108-0.jpeg"}},"category":"F\u00fatbol Colombiano","description":"Representante Catherine Juvinao tuvo fuerte discusi\u00f3n por la situaci\u00f3n actual de las futbolistas."},{"title":"Acolfutpro denunci\u00f3 posible discriminaci\u00f3n laboral en el f\u00fatbol femenino y gener\u00f3 tenso cruce pol\u00edtico: MinTrabajo respondi\u00f3","pubDate":"2026-04-28T07:00:19-05:00","link":"https:\/\/www.eltiempo.com\/deportes\/futbol-colombiano\/acolfutpro-denuncio-posible-discriminacion-laboral-en-el-futbol-femenino-y-genero-tenso-cruce-politico-mintrabajo-respondio-3551417","guid":"https:\/\/www.eltiempo.com\/deportes\/futbol-colombiano\/acolfutpro-denuncio-posible-discriminacion-laboral-en-el-futbol-femenino-y-genero-tenso-cruce-politico-mintrabajo-respondio-3551417","enclosure":{"@attributes":{"type":"image\/jpeg","length":"","url":"https:\/\/imagenes2.eltiempo.com\/files\/og_thumbnail\/files\/fp\/uploads\/2026\/04\/27\/69f02a1571cc8.r_d.929-108-0.jpeg"}},"category":"F\u00fatbol Colombiano","description":"Representante Catherine Juvinao tuvo fuerte discusi\u00f3n por la situaci\u00f3n actual de las futbolistas."},{"title":"Millonarios desaf\u00eda al poderoso Sao Paulo en un duro reto en la Copa Sudamericana: hora y TV","pubDate":"2026-04-27T23:43:54-05:00","link":"https:\/\/www.eltiempo.com\/deportes\/futbol-internacional\/millonarios-desafia-al-poderoso-sao-paulo-en-un-duro-reto-en-la-copa-sudamericana-hora-y-tv-3551423","guid":"https:\/\/www.eltiempo.com\/deportes\/futbol-internacional\/millonarios-desafia-al-poderoso-sao-paulo-en-un-duro-reto-en-la-copa-sudamericana-hora-y-tv-3551423","enclosure":{"@attributes":{"type":"image\/jpeg","length":"","url":"https:\/\/imagenes2.eltiempo.com\/files\/og_thumbnail\/files\/fp\/uploads\/2026\/04\/24\/69eb5d49e0453.r_d.755-267-0.jpeg"}},"category":"F\u00fatbol Internacional","description":"Se enfrentan este martes en el estadio El Camp\u00edn."},{"title":"Millonarios desaf\u00eda al poderoso Sao Paulo en un duro reto en la Copa Sudamericana: hora y TV","pubDate":"2026-04-27T23:43:54-05:00","link":"https:\/\/www.eltiempo.com\/deportes\/futbol-internacional\/millonarios-desafia-al-poderoso-sao-paulo-en-un-duro-reto-en-la-copa-sudamericana-hora-y-tv-3551423","guid":"https:\/\/www.eltiempo.com\/deportes\/futbol-internacional\/millonarios-desafia-al-poderoso-sao-paulo-en-un-duro-reto-en-la-copa-sudamericana-hora-y-tv-3551423","enclosure":{"@attributes":{"type":"image\/jpeg","length":"","url":"https:\/\/imagenes2.eltiempo.com\/files\/og_thumbnail\/files\/fp\/uploads\/2026\/04\/24\/69eb5d49e0453.r_d.755-267-0.jpeg"}},"category":"F\u00fatbol Internacional","description":"Se enfrentan este martes en el estadio El Camp\u00edn."},{"title":"Acolfutpro denuncia que la Federaci\u00f3n Colombiana de F\u00fatbol omiti\u00f3 disposiciones obligatorias de Fifa: 'Vulnera los derechos de los futbolistas'","pubDate":"2026-04-27T21:52:42-05:00","link":"https:\/\/www.eltiempo.com\/deportes\/futbol-colombiano\/acolfutpro-denuncia-que-la-federacion-colombiana-de-futbol-omitio-disposiciones-obligatorias-de-fifa-vulnera-los-derechos-de-los-futbolistas-3551413","guid":"https:\/\/www.eltiempo.com\/deportes\/futbol-colombiano\/acolfutpro-denuncia-que-la-federacion-colombiana-de-futbol-omitio-disposiciones-obligatorias-de-fifa-vulnera-los-derechos-de-los-futbolistas-3551413","enclosure":{"@attributes":{"type":"image\/jpeg","length":"","url":"https:\/\/imagenes2.eltiempo.com\/files\/og_thumbnail\/files\/fp\/uploads\/2026\/04\/23\/69ead83829d97.r_d.752-368-0.jpeg"}},"category":"F\u00fatbol Colombiano","description":"La Asociaci\u00f3n de jugadores solicita que se adecue el Estatuto del Jugador de acuerdo a las normas internacionales."},{"title":"Acolfutpro denuncia que la Federaci\u00f3n Colombiana de F\u00fatbol omiti\u00f3 disposiciones obligatorias de Fifa: 'Vulnera los derechos de los futbolistas'","pubDate":"2026-04-27T21:52:42-05:00","link":"https:\/\/www.eltiempo.com\/deportes\/futbol-colombiano\/acolfutpro-denuncia-que-la-federacion-colombiana-de-futbol-omitio-disposiciones-obligatorias-de-fifa-vulnera-los-derechos-de-los-futbolistas-3551413","guid":"https:\/\/www.eltiempo.com\/deportes\/futbol-colombiano\/acolfutpro-denuncia-que-la-federacion-colombiana-de-futbol-omitio-disposiciones-obligatorias-de-fifa-vulnera-los-derechos-de-los-futbolistas-3551413","enclosure":{"@attributes":{"type":"image\/jpeg","length":"","url":"https:\/\/imagenes2.eltiempo.com\/files\/og_thumbnail\/files\/fp\/uploads\/2026\/04\/23\/69ead83829d97.r_d.752-368-0.jpeg"}},"category":"F\u00fatbol Colombiano","description":"La Asociaci\u00f3n de jugadores solicita que se adecue el Estatuto del Jugador de acuerdo a las normas internacionales."},{"title":"\u00bfAceptar\u00e1 Falcao Garc\u00eda? El Tigre estar\u00eda en el Mundial 2026, pero fuera de las canchas: este es el rol para el cual fue invitado","pubDate":"2026-04-27T20:46:25-05:00","link":"https:\/\/www.eltiempo.com\/deportes\/futbol-internacional\/aceptara-falcao-garcia-el-tigre-estaria-en-el-mundial-2026-pero-fuera-de-las-canchas-este-es-el-rol-para-el-cual-fue-invitado-3551384","guid":"https:\/\/www.eltiempo.com\/deportes\/futbol-internacional\/aceptara-falcao-garcia-el-tigre-estaria-en-el-mundial-2026-pero-fuera-de-las-canchas-este-es-el-rol-para-el-cual-fue-invitado-3551384","enclosure":{"@attributes":{"type":"image\/jpeg","length":"","url":"https:\/\/imagenes2.eltiempo.com\/files\/og_thumbnail\/files\/fp\/uploads\/2026\/04\/19\/69e59ee4ec7e3.r_d.408-300-0.jpeg"}},"category":"F\u00fatbol Internacional","description":"El atacante se encuentra ausente de la competencia por lesi\u00f3n."},{"title":"\u00bfAceptar\u00e1 Falcao Garc\u00eda? El Tigre estar\u00eda en el Mundial 2026, pero fuera de las canchas: este es el rol para el cual fue invitado","pubDate":"2026-04-27T20:46:25-05:00","link":"https:\/\/www.eltiempo.com\/deportes\/futbol-internacional\/aceptara-falcao-garcia-el-tigre-estaria-en-el-mundial-2026-pero-fuera-de-las-canchas-este-es-el-rol-para-el-cual-fue-invitado-3551384","guid":"https:\/\/www.eltiempo.com\/deportes\/futbol-internacional\/aceptara-falcao-garcia-el-tigre-estaria-en-el-mundial-2026-pero-fuera-de-las-canchas-este-es-el-rol-para-el-cual-fue-invitado-3551384","enclosure":{"@attributes":{"type":"image\/jpeg","length":"","url":"https:\/\/imagenes2.eltiempo.com\/files\/og_thumbnail\/files\/fp\/uploads\/2026\/04\/19\/69e59ee4ec7e3.r_d.408-300-0.jpeg"}},"category":"F\u00fatbol Internacional","description":"El atacante se encuentra ausente de la competencia por lesi\u00f3n."},{"title":"Nairo Quintana, Daniel Mart\u00ednez y Sergio Higuita, la cara colombiana en la Vuelta a Romand\u00eda: Tadej Pogacar va por un t\u00edtulo que no ha logrado","pubDate":"2026-04-27T19:15:01-05:00","link":"https:\/\/www.eltiempo.com\/deportes\/ciclismo\/daniel-martinez-y-sergio-higuita-la-cara-colombiana-en-la-vuelta-a-romandia-tadej-pogacar-va-por-un-titulo-que-no-ha-logrado-3551255","guid":"https:\/\/www.eltiempo.com\/deportes\/ciclismo\/daniel-martinez-y-sergio-higuita-la-cara-colombiana-en-la-vuelta-a-romandia-tadej-pogacar-va-por-un-titulo-que-no-ha-logrado-3551255","enclosure":{"@attributes":{"type":"image\/jpeg","length":"","url":"https:\/\/imagenes2.eltiempo.com\/files\/og_thumbnail\/files\/fp\/uploads\/2026\/04\/05\/69d2b4c849018.r_d.2213-414-0.jpeg"}},"category":"Ciclismo","description":"El esloveno es el principal candidato a ganar."},{"title":"Federaci\u00f3n de Noruega desaf\u00eda a la Fifa y a Donald Trump: pide abolir el Premio de la Paz","pubDate":"2026-04-27T19:01:20-05:00","link":"https:\/\/www.eltiempo.com\/deportes\/futbol-internacional\/federacion-de-noruega-desafia-a-la-fifa-y-a-donald-trump-pide-abolir-el-premio-de-la-paz-3551369","guid":"https:\/\/www.eltiempo.com\/deportes\/futbol-internacional\/federacion-de-noruega-desafia-a-la-fifa-y-a-donald-trump-pide-abolir-el-premio-de-la-paz-3551369","enclosure":{"@attributes":{"type":"image\/jpeg","length":"","url":"https:\/\/imagenes2.eltiempo.com\/files\/og_thumbnail\/uploads\/2025\/12\/05\/69332294d0b5d.jpeg"}},"category":"F\u00fatbol Internacional","description":"Sigue la controversia sobre el premio creado"},{"title":"Federaci\u00f3n de Noruega desaf\u00eda a la Fifa y a Donald Trump: pide abolir el Premio de la Paz","pubDate":"2026-04-27T19:01:20-05:00","link":"https:\/\/www.eltiempo.com\/deportes\/futbol-internacional\/federacion-de-noruega-desafia-a-la-fifa-y-a-donald-trump-pide-abolir-el-premio-de-la-paz-3551369","guid":"https:\/\/www.eltiempo.com\/deportes\/futbol-internacional\/federacion-de-noruega-desafia-a-la-fifa-y-a-donald-trump-pide-abolir-el-premio-de-la-paz-3551369","enclosure":{"@attributes":{"type":"image\/jpeg","length":"","url":"https:\/\/imagenes2.eltiempo.com\/files\/og_thumbnail\/uploads\/2025\/12\/05\/69332294d0b5d.jpeg"}},"category":"F\u00fatbol Internacional","description":"Sigue la controversia sobre el premio creado"},{"title":"Tragedia en el f\u00fatbol de Ecuador: encuentran sin vida y en la parte trasera de un carro a exjugador de Emelec que habr\u00eda sido envenenado","pubDate":"2026-04-27T18:48:06-05:00","link":"https:\/\/www.eltiempo.com\/deportes\/futbol-internacional\/tragedia-en-el-futbol-de-ecuador-encuentran-sin-vida-y-en-la-parte-trasera-de-un-carro-a-exjugador-de-emelec-que-habria-sido-envenenado-3551365","guid":"https:\/\/www.eltiempo.com\/deportes\/futbol-internacional\/tragedia-en-el-futbol-de-ecuador-encuentran-sin-vida-y-en-la-parte-trasera-de-un-carro-a-exjugador-de-emelec-que-habria-sido-envenenado-3551365","enclosure":{"@attributes":{"type":"image\/jpeg","length":"","url":"https:\/\/imagenes2.eltiempo.com\/files\/og_thumbnail\/files\/fp\/uploads\/2023\/09\/28\/651611318f4a2.r_d.263-502-0.jpeg"}},"category":"F\u00fatbol Internacional","description":"El cuerpo del exfutbolista fue hallado sin signos de violencia f\u00edsica."},{"title":"Tragedia en el f\u00fatbol de Ecuador: encuentran sin vida y en la parte trasera de un carro a exjugador de Emelec que habr\u00eda sido envenenado","pubDate":"2026-04-27T18:48:06-05:00","link":"https:\/\/www.eltiempo.com\/deportes\/futbol-internacional\/tragedia-en-el-futbol-de-ecuador-encuentran-sin-vida-y-en-la-parte-trasera-de-un-carro-a-exjugador-de-emelec-que-habria-sido-envenenado-3551365","guid":"https:\/\/www.eltiempo.com\/deportes\/futbol-internacional\/tragedia-en-el-futbol-de-ecuador-encuentran-sin-vida-y-en-la-parte-trasera-de-un-carro-a-exjugador-de-emelec-que-habria-sido-envenenado-3551365","enclosure":{"@attributes":{"type":"image\/jpeg","length":"","url":"https:\/\/imagenes2.eltiempo.com\/files\/og_thumbnail\/files\/fp\/uploads\/2023\/09\/28\/651611318f4a2.r_d.263-502-0.jpeg"}},"category":"F\u00fatbol Internacional","description":"El cuerpo del exfutbolista fue hallado sin signos de violencia f\u00edsica."},{"title":"James Rodr\u00edguez pide pista para otra titularidad con Minnesota United, en partido de la US Open Cup: fecha, hora y rival","pubDate":"2026-04-27T18:00:07-05:00","link":"https:\/\/www.eltiempo.com\/deportes\/futbol-internacional\/james-rodriguez-pide-pista-para-otra-titularidad-con-minnesota-united-en-partido-de-la-us-open-cup-fecha-hora-y-rival-3551347","guid":"https:\/\/www.eltiempo.com\/deportes\/futbol-internacional\/james-rodriguez-pide-pista-para-otra-titularidad-con-minnesota-united-en-partido-de-la-us-open-cup-fecha-hora-y-rival-3551347","enclosure":{"@attributes":{"type":"image\/jpeg","length":"","url":"https:\/\/imagenes2.eltiempo.com\/files\/og_thumbnail\/files\/fp\/uploads\/2026\/03\/22\/69c08df48943b.r_d.952-804-0.jpeg"}},"category":"F\u00fatbol Internacional","description":"El colombiano ya tuvo su primer partido de inicialista en la MLS."},{"title":"Nairo Quintana, sin descanso tras ser campe\u00f3n en Asturias: su equipo lo confirm\u00f3 en carrera en la que competir\u00e1 Tadej Pogacar","pubDate":"2026-04-27T17:59:31-05:00","link":"https:\/\/www.eltiempo.com\/deportes\/ciclismo\/nairo-quintana-sin-descanso-tras-ser-campeon-en-asturias-su-equipo-lo-confirmo-en-carrera-en-la-que-competira-tadej-pogacar-3551351","guid":"https:\/\/www.eltiempo.com\/deportes\/ciclismo\/nairo-quintana-sin-descanso-tras-ser-campeon-en-asturias-su-equipo-lo-confirmo-en-carrera-en-la-que-competira-tadej-pogacar-3551351","enclosure":{"@attributes":{"type":"image\/jpeg","length":"","url":"https:\/\/imagenes2.eltiempo.com\/files\/og_thumbnail\/files\/fp\/uploads\/2026\/04\/24\/69eb8fc416af8.r_d.749-498-0.jpeg"}},"category":"Ciclismo","description":"El colombiano est\u00e1 en un momento dulce tras cortar una sequ\u00eda de t\u00edtulos de cuatro a\u00f1os."},{"title":"Dimayor revel\u00f3 la programaci\u00f3n completa de la \u00faltima fecha de la Liga BetPlay: Santa Fe, Inter, Cali, DIM, Millonarios y Bucaramanga se juegan la vida","pubDate":"2026-04-27T14:54:09-05:00","link":"https:\/\/www.eltiempo.com\/deportes\/futbol-colombiano\/dimayor-revelo-la-programacion-completa-de-la-ultima-fecha-de-la-liga-betplay-santa-fe-inter-cali-dim-millonarios-y-bucaramanga-se-juegan-la-vida-3551239","guid":"https:\/\/www.eltiempo.com\/deportes\/futbol-colombiano\/dimayor-revelo-la-programacion-completa-de-la-ultima-fecha-de-la-liga-betplay-santa-fe-inter-cali-dim-millonarios-y-bucaramanga-se-juegan-la-vida-3551239","enclosure":{"@attributes":{"type":"image\/jpeg","length":"","url":"https:\/\/imagenes2.eltiempo.com\/files\/og_thumbnail\/files\/fp\/uploads\/2026\/04\/27\/69efa20a561cd.r_d.747-148-0.jpeg"}},"category":"F\u00fatbol Colombiano","description":"Seis equipos buscan los \u00faltimos dos boletos a los 'playoffs' de la Liga."},{"title":"Egan Bernal y Jonas Vingegaard se \u2018quitan de encima\u2019 dos pesos pesados para el Giro de Italia antes de comenzar la carrera","pubDate":"2026-04-27T14:44:41-05:00","link":"https:\/\/www.eltiempo.com\/deportes\/ciclismo\/egan-bernal-y-jonas-vingegaard-se-quitan-de-encima-dos-pesos-pesados-para-el-giro-de-italia-antes-de-comenzar-la-carrera-3551227","guid":"https:\/\/www.eltiempo.com\/deportes\/ciclismo\/egan-bernal-y-jonas-vingegaard-se-quitan-de-encima-dos-pesos-pesados-para-el-giro-de-italia-antes-de-comenzar-la-carrera-3551227","enclosure":{"@attributes":{"type":"image\/jpeg","length":"","url":"https:\/\/imagenes2.eltiempo.com\/files\/og_thumbnail\/files\/fp\/uploads\/2025\/09\/09\/68c0aef5968c8.r_d.826-333-0.jpeg"}},"category":"Ciclismo","description":"El pelot\u00f3n conoci\u00f3 dos bajas sensibles."},{"title":"Carlo Ancelotti pierde a otro de sus soldados en la selecci\u00f3n de Brasil: Eder Militao ser\u00e1 operado y se queda sin Mundial","pubDate":"2026-04-27T14:26:46-05:00","link":"https:\/\/www.eltiempo.com\/deportes\/futbol-internacional\/carlo-ancelotti-pierde-a-otro-de-sus-soldados-en-la-seleccion-de-brasil-eder-militao-sera-operado-y-se-queda-sin-mundial-3551275","guid":"https:\/\/www.eltiempo.com\/deportes\/futbol-internacional\/carlo-ancelotti-pierde-a-otro-de-sus-soldados-en-la-seleccion-de-brasil-eder-militao-sera-operado-y-se-queda-sin-mundial-3551275","enclosure":{"@attributes":{"type":"image\/jpeg","length":"","url":"https:\/\/imagenes2.eltiempo.com\/files\/og_thumbnail\/uploads\/2026\/04\/27\/69efb7cf5b581.jpeg"}},"category":"F\u00fatbol Internacional","description":"El jugador brasile\u00f1o sufri\u00f3 un problema en el b\u00edceps femoral."},{"title":"Se acab\u00f3 lo imposible: Sabastian Sawe y la marat\u00f3n que cambi\u00f3 la historia","pubDate":"2026-04-27T13:32:07-05:00","link":"https:\/\/www.eltiempo.com\/deportes\/otros-deportes\/se-acabo-lo-imposible-sabastian-sawe-y-la-maraton-que-cambio-la-historia-3551228","guid":"https:\/\/www.eltiempo.com\/deportes\/otros-deportes\/se-acabo-lo-imposible-sabastian-sawe-y-la-maraton-que-cambio-la-historia-3551228","enclosure":{"@attributes":{"type":"image\/jpeg","length":"","url":"https:\/\/imagenes2.eltiempo.com\/files\/og_thumbnail\/files\/fp\/uploads\/2026\/04\/26\/69eeb23982169.r_d.433-308-0.jpeg"}},"category":"Otros Deportes","description":"El muro m\u00e1s famoso del deporte cay\u00f3 en Londres. Sabastian Sawe baj\u00f3 de las dos horas y nos record\u00f3 que los l\u00edmites est\u00e1n para romperse"},{"title":"Video | Pol\u00e9mica en el cl\u00e1sico Deportivo Cali vs. Am\u00e9rica por gol anulado a Jan Lucum\u00ed: \u00bfactuaron bien los jueces?","pubDate":"2026-04-27T11:46:26-05:00","link":"https:\/\/www.eltiempo.com\/deportes\/futbol-colombiano\/video-polemica-en-el-clasico-deportivo-cali-vs-america-por-gol-anulado-a-jan-lucumi-actuaron-bien-los-jueces-3550901","guid":"https:\/\/www.eltiempo.com\/deportes\/futbol-colombiano\/video-polemica-en-el-clasico-deportivo-cali-vs-america-por-gol-anulado-a-jan-lucumi-actuaron-bien-los-jueces-3550901","enclosure":{"@attributes":{"type":"image\/jpeg","length":"","url":"https:\/\/imagenes2.eltiempo.com\/files\/og_thumbnail\/files\/fp\/uploads\/2026\/04\/25\/69ed568f985bb.r_d.643-206-0.jpeg"}},"category":"F\u00fatbol Colombiano","description":"El tanto pon\u00eda en ventaja en el marcador a los dirigidos por David Gonz\u00e1lez."},{"title":"Deportivo Cali le gan\u00f3 al Am\u00e9rica un cl\u00e1sico clave, tenso y con pol\u00e9micas: por ahora, est\u00e1 en zona de clasificaci\u00f3n","pubDate":"2026-04-27T11:45:19-05:00","link":"https:\/\/www.eltiempo.com\/deportes\/futbol-colombiano\/deportivo-cali-le-gano-al-america-un-clasico-clave-tenso-y-con-polemicas-por-ahora-esta-en-zona-de-clasificacion-3550912","guid":"https:\/\/www.eltiempo.com\/deportes\/futbol-colombiano\/deportivo-cali-le-gano-al-america-un-clasico-clave-tenso-y-con-polemicas-por-ahora-esta-en-zona-de-clasificacion-3550912","enclosure":{"@attributes":{"type":"image\/jpeg","length":"","url":"https:\/\/imagenes2.eltiempo.com\/files\/og_thumbnail\/uploads\/2026\/04\/25\/69ed676e9fa29.jpeg"}},"category":"F\u00fatbol Colombiano","description":"El equipo de Rafael Dudamel sac\u00f3 a Millonarios de los ocho primeros de la Liga BetPlay."},{"title":"\u00bfCuentas pendientes? Marino Hinestroza y su burla al Am\u00e9rica tras perder el cl\u00e1sico contra Deportivo Cali","pubDate":"2026-04-27T11:44:02-05:00","link":"https:\/\/www.eltiempo.com\/deportes\/futbol-colombiano\/cuentas-pendientes-marino-hinestroza-y-su-burla-al-america-tras-perder-el-clasico-contra-deportivo-cali-3551076","guid":"https:\/\/www.eltiempo.com\/deportes\/futbol-colombiano\/cuentas-pendientes-marino-hinestroza-y-su-burla-al-america-tras-perder-el-clasico-contra-deportivo-cali-3551076","enclosure":{"@attributes":{"type":"image\/jpeg","length":"","url":"https:\/\/imagenes2.eltiempo.com\/files\/og_thumbnail\/uploads\/2026\/04\/26\/69eed387ed7cd.jpeg"}},"category":"F\u00fatbol Colombiano","description":"El equipo de Rafael Dudamel se impuso 1-0 en el estadio de Palmaseca, en la fecha 18 de la Liga BetPlay."},{"title":"La tabla de posiciones de la Liga BetPlay se apret\u00f3: Once Caldas empat\u00f3 y clasific\u00f3, Inter de Bogot\u00e1 puso m\u00e1s presi\u00f3n por la clasificaci\u00f3n","pubDate":"2026-04-27T11:42:50-05:00","link":"https:\/\/www.eltiempo.com\/deportes\/futbol-colombiano\/la-tabla-de-posiciones-de-la-liga-betplay-se-apreto-once-caldas-empato-y-clasifico-inter-de-bogota-puso-mas-presion-por-la-clasificacion-3551087","guid":"https:\/\/www.eltiempo.com\/deportes\/futbol-colombiano\/la-tabla-de-posiciones-de-la-liga-betplay-se-apreto-once-caldas-empato-y-clasifico-inter-de-bogota-puso-mas-presion-por-la-clasificacion-3551087","enclosure":{"@attributes":{"type":"image\/jpeg","length":"","url":"https:\/\/imagenes2.eltiempo.com\/files\/og_thumbnail\/files\/fp\/uploads\/2026\/03\/06\/69ab95f3353f8.r_d.494-223-0.jpeg"}},"category":"F\u00fatbol Colombiano","description":"Quedan dos cupos vacantes en los ocho para cinco equipos que buscan la clasificaci\u00f3n a los ocho."},{"title":"As\u00ed es la vida de Sabastian Sawe, el 'extraterrestre' que bati\u00f3 el r\u00e9cord mundial de marat\u00f3n y super\u00f3 los l\u00edmites de la humanidad","pubDate":"2026-04-27T10:51:14-05:00","link":"https:\/\/www.eltiempo.com\/deportes\/otros-deportes\/asi-es-la-vida-de-sabastian-sawe-el-extraterrestre-que-batio-el-record-mundial-de-maraton-y-supero-los-limites-de-la-humanidad-3551190","guid":"https:\/\/www.eltiempo.com\/deportes\/otros-deportes\/asi-es-la-vida-de-sabastian-sawe-el-extraterrestre-que-batio-el-record-mundial-de-maraton-y-supero-los-limites-de-la-humanidad-3551190","enclosure":{"@attributes":{"type":"image\/jpeg","length":"","url":"https:\/\/imagenes2.eltiempo.com\/files\/og_thumbnail\/files\/fp\/uploads\/2026\/04\/26\/69ee2d1fa149c.r_d.2545-511-0.jpeg"}},"category":"Otros Deportes","description":"Su madre fue quien le inculc\u00f3 el amor por el atletismo, el cual comenz\u00f3 a practicar cuando estaba en la escuela primaria."},{"title":"Otra tragedia enluta al ciclismo mundial tras confirmarse el fallecimiento de corredor arrollado por un carro","pubDate":"2026-04-27T10:46:59-05:00","link":"https:\/\/www.eltiempo.com\/deportes\/ciclismo\/otra-tragedia-enluta-al-ciclismo-mundial-tras-confirmarse-el-fallecimiento-de-corredor-arrollado-por-un-carro-3551114","guid":"https:\/\/www.eltiempo.com\/deportes\/ciclismo\/otra-tragedia-enluta-al-ciclismo-mundial-tras-confirmarse-el-fallecimiento-de-corredor-arrollado-por-un-carro-3551114","enclosure":{"@attributes":{"type":"image\/jpeg","length":"","url":"https:\/\/imagenes2.eltiempo.com\/files\/og_thumbnail\/files\/fp\/uploads\/2025\/02\/03\/67a0df8df034e.r_d.960-540-0.jpeg"}},"category":"Ciclismo","description":"El hecho ocurri\u00f3 mientras entrenaba."},{"title":"Liga BetPlay: las cuentas de Inter de Bogot\u00e1, Santa Fe, Cali, Medell\u00edn, Millonarios y Bucaramanga para acabar entre los ocho primeros","pubDate":"2026-04-26T23:11:56-05:00","link":"https:\/\/www.eltiempo.com\/deportes\/futbol-colombiano\/liga-betplay-las-cuentas-de-inter-de-bogota-santa-fe-cali-medellin-millonarios-y-bucaramanga-para-acabar-entre-los-ocho-primeros-3551092","guid":"https:\/\/www.eltiempo.com\/deportes\/futbol-colombiano\/liga-betplay-las-cuentas-de-inter-de-bogota-santa-fe-cali-medellin-millonarios-y-bucaramanga-para-acabar-entre-los-ocho-primeros-3551092","enclosure":{"@attributes":{"type":"image\/jpeg","length":"","url":"https:\/\/imagenes2.eltiempo.com\/files\/og_thumbnail\/files\/fp\/uploads\/2026\/04\/26\/69eee1e944252.r_d.1073-542-0.jpeg"}},"category":"F\u00fatbol Colombiano","description":"El pr\u00f3ximo domingo se jugar\u00e1 la \u00faltima fecha de la fase todos contra todos."},{"title":"Nairo Quintana no se pod\u00eda retirar sin un triunfo: \u00bfcu\u00e1l es el verdadero impacto del t\u00edtulo de la Vuelta a Asturias si est\u00e1 de salida? An\u00e1lisis","pubDate":"2026-04-26T20:59:30-05:00","link":"https:\/\/www.eltiempo.com\/deportes\/ciclismo\/nairo-quintana-no-se-podia-retirar-sin-un-triunfo-cual-es-el-verdadero-impacto-del-titulo-de-la-vuelta-a-asturias-si-esta-de-salida-analisis-3551021","guid":"https:\/\/www.eltiempo.com\/deportes\/ciclismo\/nairo-quintana-no-se-podia-retirar-sin-un-triunfo-cual-es-el-verdadero-impacto-del-titulo-de-la-vuelta-a-asturias-si-esta-de-salida-analisis-3551021","enclosure":{"@attributes":{"type":"image\/jpeg","length":"","url":"https:\/\/imagenes2.eltiempo.com\/files\/og_thumbnail\/files\/fp\/uploads\/2026\/04\/26\/69ee172d6e955.r_d.865-688-0.jpeg"}},"category":"Ciclismo","description":"El boyacense ajust\u00f3 23 carreras ganadas en su palmar\u00e9s."},{"title":"Nike vs. Adidas: la estrat\u00e9gica felicitaci\u00f3n que redefine la guerra comercial tras la victoria de Sabastian Sawe en la Marat\u00f3n de Londres","pubDate":"2026-04-26T19:48:26-05:00","link":"https:\/\/www.eltiempo.com\/deportes\/otros-deportes\/nike-vs-adidas-la-estrategica-felicitacion-que-redefine-la-guerra-comercial-tras-la-victoria-de-sabastian-sawe-en-la-maraton-de-londres-3551062","guid":"https:\/\/www.eltiempo.com\/deportes\/otros-deportes\/nike-vs-adidas-la-estrategica-felicitacion-que-redefine-la-guerra-comercial-tras-la-victoria-de-sabastian-sawe-en-la-maraton-de-londres-3551062","enclosure":{"@attributes":{"type":"image\/jpeg","length":"","url":"https:\/\/imagenes2.eltiempo.com\/files\/og_thumbnail\/files\/fp\/uploads\/2026\/04\/26\/69eeb23982169.r_d.433-308-0.jpeg"}},"category":"Otros Deportes","description":"El gesto de la marca estadounidense tras el r\u00e9cord mundial de Sabastian Sawe en Londres ocultar\u00eda una maniobra para liderar la conversaci\u00f3n global."},{"title":"Equipo NU Colombia toma determinante decisi\u00f3n tras el fallecimiento del ciclista Cristian Camilo Mu\u00f1oz en Europa","pubDate":"2026-04-26T15:26:25-05:00","link":"https:\/\/www.eltiempo.com\/deportes\/ciclismo\/equipo-nu-colombia-toma-determinante-decision-tras-el-fallecimiento-del-ciclista-cristian-camilo-munoz-en-europa-3550996","guid":"https:\/\/www.eltiempo.com\/deportes\/ciclismo\/equipo-nu-colombia-toma-determinante-decision-tras-el-fallecimiento-del-ciclista-cristian-camilo-munoz-en-europa-3550996","enclosure":{"@attributes":{"type":"image\/jpeg","length":"","url":"https:\/\/imagenes2.eltiempo.com\/files\/og_thumbnail\/uploads\/2026\/04\/26\/69ee464660fd6.jpeg"}},"category":"Ciclismo","description":"El grupo est\u00e1 muy golpeado."},{"title":"Nairo Quintana logr\u00f3 ganar la Vuelta a Asturias: estos son los 23 t\u00edtulos que ha conseguido en su carrera deportiva","pubDate":"2026-04-26T12:57:38-05:00","link":"https:\/\/www.eltiempo.com\/deportes\/ciclismo\/nairo-quintana-logro-ganar-la-vuelta-a-asturias-estos-son-los-23-titulos-que-ha-conseguido-en-su-carrera-deportiva-3550949","guid":"https:\/\/www.eltiempo.com\/deportes\/ciclismo\/nairo-quintana-logro-ganar-la-vuelta-a-asturias-estos-son-los-23-titulos-que-ha-conseguido-en-su-carrera-deportiva-3550949","enclosure":{"@attributes":{"type":"image\/jpeg","length":"","url":"https:\/\/imagenes2.eltiempo.com\/files\/og_thumbnail\/files\/fp\/uploads\/2026\/04\/26\/69ee0c7bd4450.r_d.1383-438-0.jpeg"}},"category":"Ciclismo","description":"El corredor boyacense se retirar\u00e1 al final de esta temporada."},{"title":"Video | David Alonso remont\u00f3 tras una p\u00e9sima salida y qued\u00f3 cerca del podio en el Gran Premio de Espa\u00f1a de motociclismo","pubDate":"2026-04-26T11:57:17-05:00","link":"https:\/\/www.eltiempo.com\/deportes\/otros-deportes\/video-david-alonso-remonto-tras-una-pesima-salida-y-quedo-cerca-del-podio-en-el-gran-premio-de-espana-de-motociclismo-3550986","guid":"https:\/\/www.eltiempo.com\/deportes\/otros-deportes\/video-david-alonso-remonto-tras-una-pesima-salida-y-quedo-cerca-del-podio-en-el-gran-premio-de-espana-de-motociclismo-3550986","enclosure":{"@attributes":{"type":"image\/jpeg","length":"","url":"https:\/\/imagenes2.eltiempo.com\/files\/og_thumbnail\/files\/fp\/uploads\/2025\/09\/27\/68d7f4665a8f8.r_d.724-245-0.jpeg"}},"category":"Otros Deportes","description":"'No se pueden permitir fallos as\u00ed'."},{"title":"Video | Sabastian Sawe bate el r\u00e9cord del mundo tras ganar de manera brutal el Marat\u00f3n de Londres","pubDate":"2026-04-26T11:00:51-05:00","link":"https:\/\/www.eltiempo.com\/deportes\/otros-deportes\/video-sabastian-sawe-bate-el-record-del-mundo-tras-ganar-de-manera-brutal-el-maraton-de-londres-3550970","guid":"https:\/\/www.eltiempo.com\/deportes\/otros-deportes\/video-sabastian-sawe-bate-el-record-del-mundo-tras-ganar-de-manera-brutal-el-maraton-de-londres-3550970","enclosure":{"@attributes":{"type":"image\/jpeg","length":"","url":"https:\/\/imagenes2.eltiempo.com\/files\/og_thumbnail\/uploads\/2026\/04\/26\/69ee2c2e1c648.jpeg"}},"category":"Otros Deportes","description":"Logr\u00f3 la victoria con un tiempo de una hora, 59 minutos y 30 segundos."},{"title":"Video | Tadej Pogacar se pas\u00f3: este fue el homenaje que le hizo al fallecido ciclista colombiano Cristian Camilo Mu\u00f1oz","pubDate":"2026-04-26T09:59:44-05:00","link":"https:\/\/www.eltiempo.com\/deportes\/ciclismo\/video-tadej-pogacar-se-paso-este-fue-el-homenaje-que-le-hizo-al-fallecido-ciclista-colombiano-cristian-camilo-munoz-3550965","guid":"https:\/\/www.eltiempo.com\/deportes\/ciclismo\/video-tadej-pogacar-se-paso-este-fue-el-homenaje-que-le-hizo-al-fallecido-ciclista-colombiano-cristian-camilo-munoz-3550965","enclosure":{"@attributes":{"type":"image\/jpeg","length":"","url":"https:\/\/imagenes2.eltiempo.com\/files\/og_thumbnail\/files\/fp\/uploads\/2026\/04\/26\/69ee1bf3d7034.r_d.904-591-0.jpeg"}},"category":"Ciclismo","description":"Lo tuvo como compa\u00f1ero en el UAE Emirates."},{"title":"Video | Egan Bernal, sensacional: Tadej Pogacar, inmenso e imbatible, gan\u00f3 a su antojo la Lieja-Basto\u00f1a-Lieja","pubDate":"2026-04-26T09:26:49-05:00","link":"https:\/\/www.eltiempo.com\/deportes\/ciclismo\/video-egan-bernal-sensacional-tadej-pogacar-inmenso-e-imbatible-gano-a-su-antojo-la-lieja-bastona-lieja-3550961","guid":"https:\/\/www.eltiempo.com\/deportes\/ciclismo\/video-egan-bernal-sensacional-tadej-pogacar-inmenso-e-imbatible-gano-a-su-antojo-la-lieja-bastona-lieja-3550961","enclosure":{"@attributes":{"type":"image\/jpeg","length":"","url":"https:\/\/imagenes2.eltiempo.com\/files\/og_thumbnail\/files\/fp\/uploads\/2026\/04\/26\/69ee1c6dd4d92.r_d.912-1185-0.jpeg"}},"category":"Ciclismo","description":"La prueba se llev\u00f3 a cabo sobre 259 kil\u00f3metros."},{"title":"Video | Nairo Quintana volvi\u00f3 a la victoria: espectacular triunfo en la Vuelta a Asturias, tercer t\u00edtulo para el colombiano en la prueba","pubDate":"2026-04-26T08:47:49-05:00","link":"https:\/\/www.eltiempo.com\/deportes\/ciclismo\/video-nairo-quintana-volvio-a-la-victoria-espectacular-triunfo-en-la-vuelta-a-asturias-tercer-titulo-para-el-colombiano-en-la-prueba-3550945","guid":"https:\/\/www.eltiempo.com\/deportes\/ciclismo\/video-nairo-quintana-volvio-a-la-victoria-espectacular-triunfo-en-la-vuelta-a-asturias-tercer-titulo-para-el-colombiano-en-la-prueba-3550945","enclosure":{"@attributes":{"type":"image\/jpeg","length":"","url":"https:\/\/imagenes2.eltiempo.com\/files\/og_thumbnail\/files\/fp\/uploads\/2026\/04\/26\/69ee16ff82ea7.r_d.1310-248-0.jpeg"}},"category":"Ciclismo","description":"Su compatriota Diego Pescador qued\u00f3 de tercero."},{"title":"Video | Salvaje ataque al bus del Am\u00e9rica tras el cl\u00e1sico con el Cali: el DT, David Gonz\u00e1lez, enfrent\u00f3 a los agresores","pubDate":"2026-04-26T08:40:14-05:00","link":"https:\/\/www.eltiempo.com\/deportes\/futbol-colombiano\/video-salvaje-ataque-al-bus-del-america-tras-el-clasico-con-el-cali-el-dt-david-gonzalez-enfrento-a-los-agresores-3550956","guid":"https:\/\/www.eltiempo.com\/deportes\/futbol-colombiano\/video-salvaje-ataque-al-bus-del-america-tras-el-clasico-con-el-cali-el-dt-david-gonzalez-enfrento-a-los-agresores-3550956","enclosure":{"@attributes":{"type":"image\/jpeg","length":"","url":"https:\/\/imagenes2.eltiempo.com\/files\/og_thumbnail\/files\/fp\/uploads\/2025\/10\/19\/68f50fdda0866.r_d.791-245-0.jpeg"}},"category":"F\u00fatbol Colombiano","description":"Otro episodio de violencia tras el partido."},{"title":"Comportamiento de los hinchas empa\u00f1\u00f3 el cl\u00e1sico Cali vs. Am\u00e9rica: hubo ri\u00f1as e incidentes con p\u00f3lvora | Video","pubDate":"2026-04-25T22:31:30-05:00","link":"https:\/\/www.eltiempo.com\/deportes\/futbol-colombiano\/comportamiento-de-los-hinchas-empano-el-clasico-cali-vs-america-hubo-rinas-e-incidentes-con-polvora-video-3550932","guid":"https:\/\/www.eltiempo.com\/deportes\/futbol-colombiano\/comportamiento-de-los-hinchas-empano-el-clasico-cali-vs-america-hubo-rinas-e-incidentes-con-polvora-video-3550932","enclosure":{"@attributes":{"type":"image\/jpeg","length":"","url":"https:\/\/imagenes2.eltiempo.com\/files\/og_thumbnail\/files\/fp\/uploads\/2026\/04\/25\/69ed8706291fb.r_d.385-245-0.jpeg"}},"category":"F\u00fatbol Colombiano","description":"El encuentro se vio afectado por enfrentamientos entre hinchas locales en las tribunas y el lanzamiento de objetos pirot\u00e9cnicos al campo de juego."},{"title":"David Alonso se repuso y partir\u00e1 en la sexta posici\u00f3n en el Gran Premio de Espa\u00f1a de motociclismo","pubDate":"2026-04-25T13:40:00-05:00","link":"https:\/\/www.eltiempo.com\/deportes\/otros-deportes\/david-alonso-se-repuso-y-partira-en-la-sexta-posicion-en-el-gran-premio-de-espana-de-motociclismo-3550854","guid":"https:\/\/www.eltiempo.com\/deportes\/otros-deportes\/david-alonso-se-repuso-y-partira-en-la-sexta-posicion-en-el-gran-premio-de-espana-de-motociclismo-3550854","enclosure":{"@attributes":{"type":"image\/jpeg","length":"","url":"https:\/\/imagenes2.eltiempo.com\/files\/og_thumbnail\/files\/fp\/uploads\/2025\/11\/09\/69109c84c4118.r_d.811-162-0.jpeg"}},"category":"Otros Deportes","description":"El piloto tiene opciones de avanzar en la carrera de este domingo."},{"title":"Emiliana Arango se despidi\u00f3 del WTA 1000 de Madrid y Colombia se qued\u00f3 sin representaci\u00f3n","pubDate":"2026-04-24T17:08:05-05:00","link":"https:\/\/www.eltiempo.com\/deportes\/tenis\/emiliana-arango-se-despidio-del-wta-1000-de-madrid-y-colombia-se-quedo-sin-representacion-3550715","guid":"https:\/\/www.eltiempo.com\/deportes\/tenis\/emiliana-arango-se-despidio-del-wta-1000-de-madrid-y-colombia-se-quedo-sin-representacion-3550715","enclosure":{"@attributes":{"type":"image\/jpeg","length":"","url":"https:\/\/imagenes2.eltiempo.com\/files\/og_thumbnail\/files\/fp\/uploads\/2026\/04\/01\/69cdb22c6e4a0.r_d.868-447-0.jpeg"}},"category":"Tenis","description":"Ya Camila Osorio hab\u00eda sido eliminada el jueves, tras perder contra la japonesa Naomi Osaka."},{"title":"Carlos Alcaraz es portador de una p\u00e9sima noticia: no jugar\u00e1 el Roland Garros","pubDate":"2026-04-24T11:33:25-05:00","link":"https:\/\/www.eltiempo.com\/deportes\/tenis\/carlos-alcaraz-es-portador-de-una-pesima-noticia-no-jugara-el-roland-garros-3550610","guid":"https:\/\/www.eltiempo.com\/deportes\/tenis\/carlos-alcaraz-es-portador-de-una-pesima-noticia-no-jugara-el-roland-garros-3550610","enclosure":{"@attributes":{"type":"image\/jpeg","length":"","url":"https:\/\/imagenes2.eltiempo.com\/files\/og_thumbnail\/files\/fp\/uploads\/2024\/08\/04\/66b024f0299fd.r_d.1007-558-0.jpeg"}},"category":"Tenis","description":"Su problema en la mu\u00f1eca derecha se lo ha impedido."},{"title":"Selecci\u00f3n Colombia de Porrismo logr\u00f3 coronarse campeona mundial en el International Cheer Union","pubDate":"2026-04-24T01:05:00-05:00","link":"https:\/\/www.eltiempo.com\/deportes\/otros-deportes\/seleccion-colombia-de-porrismo-logro-coronarse-campeona-mundial-en-el-international-cheer-union-3550504","guid":"https:\/\/www.eltiempo.com\/deportes\/otros-deportes\/seleccion-colombia-de-porrismo-logro-coronarse-campeona-mundial-en-el-international-cheer-union-3550504","enclosure":{"@attributes":{"type":"image\/jpeg","length":"","url":"https:\/\/imagenes2.eltiempo.com\/files\/og_thumbnail\/uploads\/2026\/04\/24\/69eb1d43eb106.jpeg"}},"category":"Otros Deportes","description":"Tras ocho meses de entrenamiento, la categor\u00eda Youth Coed Median alcanz\u00f3 la medalla de oro."},{"title":"Ni en rueda de prensa se salv\u00f3: destrozan el carro de Jordy Monroy en la sede del Pereira","pubDate":"2026-04-23T17:35:36-05:00","link":"https:\/\/www.eltiempo.com\/deportes\/futbol-colombiano\/ni-en-rueda-de-prensa-se-salvo-destrozan-el-carro-de-jordy-monroy-en-la-sede-del-pereira-3550333","guid":"https:\/\/www.eltiempo.com\/deportes\/futbol-colombiano\/ni-en-rueda-de-prensa-se-salvo-destrozan-el-carro-de-jordy-monroy-en-la-sede-del-pereira-3550333","enclosure":{"@attributes":{"type":"image\/jpeg","length":"","url":"https:\/\/imagenes2.eltiempo.com\/files\/og_thumbnail\/uploads\/2026\/04\/23\/69ea92f7449aa.jpeg"}},"category":"F\u00fatbol Colombiano","description":"Rueda de prensa por un lado, vandalismo por el otro. A Monroy le da\u00f1an el carro mientras el equipo daba la cara a los medios."},{"title":"Camila Osorio fue eliminada del WTA 1000 de Madrid: sus ilusiones se desvanecieron tras caer contra Naomi Osaka en segunda ronda","pubDate":"2026-04-23T12:15:18-05:00","link":"https:\/\/www.eltiempo.com\/deportes\/tenis\/camila-osorio-fue-eliminada-del-wta-1000-de-madrid-sus-ilusiones-se-desvanecieron-tras-caer-contra-naomi-osaka-en-segunda-ronda-3550316","guid":"https:\/\/www.eltiempo.com\/deportes\/tenis\/camila-osorio-fue-eliminada-del-wta-1000-de-madrid-sus-ilusiones-se-desvanecieron-tras-caer-contra-naomi-osaka-en-segunda-ronda-3550316","enclosure":{"@attributes":{"type":"image\/jpeg","length":"","url":"https:\/\/imagenes2.eltiempo.com\/files\/og_thumbnail\/files\/fp\/uploads\/2026\/04\/01\/69cdb0eb2b993.r_d.297-445-0.jpeg"}},"category":"Tenis","description":"La colombiana perdi\u00f3 por parciales de 6-2 y 7-5 contra la exn\u00famero uno del mundo."},{"title":"El precio del divorcio entre Shakira y Piqu\u00e9: la millonaria suma que perdi\u00f3 el futbolista por el proceso de separaci\u00f3n","pubDate":"2026-04-23T11:50:00-05:00","link":"https:\/\/www.eltiempo.com\/deportes\/futbol-internacional\/shakira-y-pique-el-precio-del-divorcio-la-millonaria-suma-que-perdio-el-futbolista-por-el-proceso-de-separacion-3550247","guid":"https:\/\/www.eltiempo.com\/deportes\/futbol-internacional\/shakira-y-pique-el-precio-del-divorcio-la-millonaria-suma-que-perdio-el-futbolista-por-el-proceso-de-separacion-3550247","enclosure":{"@attributes":{"type":"image\/jpeg","length":"","url":"https:\/\/imagenes2.eltiempo.com\/files\/og_thumbnail\/files\/fp\/uploads\/2025\/12\/03\/69306c4442ad3.r_d.631-218-0.jpeg"}},"category":"F\u00fatbol Internacional","description":"No hubo boda, pero s\u00ed factura. Entre casas trabadas y vuelos a Miami, la ruptura le pas\u00f3 cuenta de cobro a Piqu\u00e9."}]