[{"title":"Este es el listado actualizado de entidades colaboradoras de Extranjer\u00eda que ayudan a migrantes en la regularizaci\u00f3n","link":"https:\/\/www.europapress.es\/epsocial\/migracion\/noticia-listado-actualizado-entidades-colaboradoras-extranjeria-ayudan-migrantes-regularizacion-20260428152735.html","description":"   M\u00e1s de 300 entidades sociales est\u00e1n acreditadas en el Registro Electr\u00f3nico de Colaboradores de Extranjer\u00eda para ayudar a migrantes en el acceso a la regularizaci\u00f3n extraordinaria de extranjeros.","enclosure":{"@attributes":{"url":"https:\/\/img.europapress.es\/fotoweb\/fotonoticia_20260428152735_120.jpg","length":"4096","type":"image\/jpeg"}},"guid":"https:\/\/www.europapress.es\/epsocial\/migracion\/noticia-listado-actualizado-entidades-colaboradoras-extranjeria-ayudan-migrantes-regularizacion-20260428152735.html","pubDate":"Tue, 28 Apr 2026 13:27:35 GMT","category":["EP Social","Migraci\u00f3n"]},{"title":"Un tercio de la poblaci\u00f3n cree que se ha ido demasido lejos en feminismo, migraci\u00f3n y derechos LGTBI, seg\u00fan un estudio","link":"https:\/\/www.europapress.es\/epsocial\/igualdad\/noticia-tercio-poblacion-cree-ido-demasido-lejos-feminismo-migracion-derechos-lgtbi-estudio-20260428152643.html","description":"   En torno a un tercio de la poblaci\u00f3n espa\u00f1ola cree que se ha ido demasiado lejos en feminismo, presencia y aceptaci\u00f3n de poblaci\u00f3n de origen extranjero y derechos y visibilidad del colectivo LGTBI. As\u00ed se desprende del informe H\/Orizontes presentado este martes, una iniciativa de la consultora H\/Advisors, que analiza los retos y preocupaciones que impulsar\u00e1n la agenda p\u00fablica en Espa\u00f1a.","enclosure":{"@attributes":{"url":"https:\/\/img.europapress.es\/fotoweb\/fotonoticia_20260428152643_120.jpg","length":"4096","type":"image\/jpeg"}},"guid":"https:\/\/www.europapress.es\/epsocial\/igualdad\/noticia-tercio-poblacion-cree-ido-demasido-lejos-feminismo-migracion-derechos-lgtbi-estudio-20260428152643.html","pubDate":"Tue, 28 Apr 2026 13:26:43 GMT","category":["EP Social","Igualdad"]},{"title":"El PE apunta a una ley europea del 's\u00f3lo s\u00ed es s\u00ed' al pedir tipificar la violaci\u00f3n en base al consentimiento","link":"https:\/\/www.europapress.es\/epsocial\/igualdad\/noticia-ue-pe-apunta-ley-europea-solo-si-si-pedir-tipificar-violacion-base-consentimiento-20260428152526.html","description":"   El pleno del Parlamento Europeo ha reclamado este martes que se reactive el proceso legislativo para tipificar la violaci\u00f3n basada en la ausencia de consentimiento como un delito en el conjunto de la Uni\u00f3n Europea, una propuesta que ya puso Bruselas sobre la mesa hace a\u00f1os pero que los Veintisiete rechazaron en 2024 por sus dudas respecto al encaje legal.","enclosure":{"@attributes":{"url":"https:\/\/img.europapress.es\/fotoweb\/fotonoticia_20260428152526_120.jpg","length":"4096","type":"image\/jpeg"}},"guid":"https:\/\/www.europapress.es\/epsocial\/igualdad\/noticia-ue-pe-apunta-ley-europea-solo-si-si-pedir-tipificar-violacion-base-consentimiento-20260428152526.html","pubDate":"Tue, 28 Apr 2026 13:25:26 GMT","category":["EP Social","Igualdad"]},{"title":"Gobierno aprueba la reforma de la Ley de Riesgos Laborales para que \"nadie enferme ni muera en el trabajo\"","link":"https:\/\/www.europapress.es\/economia\/laboral-00346\/noticia-amgobierno-aprueba-reforma-ley-riesgos-laborales-nadie-enferme-muera-trabajo-20260428144305.html","description":"   El Consejo de Ministros de este martes ha aprobado el anteproyecto de ley por el que se modifica la Ley de Prevenci\u00f3n de Riesgos Laborales, el Reglamento de los Servicios de Prevenci\u00f3n y el texto refundido del Estatuto de los Trabajadores, para que \"nadie enferme ni muera en el puesto de trabajo\".","enclosure":{"@attributes":{"url":"https:\/\/img.europapress.es\/fotoweb\/fotonoticia_20260428151049_120.jpg","length":"4096","type":"image\/jpeg"}},"guid":"https:\/\/www.europapress.es\/economia\/laboral-00346\/noticia-amgobierno-aprueba-reforma-ley-riesgos-laborales-nadie-enferme-muera-trabajo-20260428144305.html","pubDate":"Tue, 28 Apr 2026 13:10:49 GMT","category":["EP Social","Responsables"]},{"title":"Urtasun subraya que el mantenimiento del patrimonio espa\u00f1ol es una labor \"extremadamente importante\"","link":"https:\/\/www.europapress.es\/cultura\/exposiciones-00131\/noticia-urtasun-subraya-mantenimiento-patrimonio-espanol-labor-extremadamente-importante-20260428145942.html","description":"&nbsp;&nbsp;&nbsp;El ministro de Cultura, Ernest Urtasun, ha inaugurado este martes la exposici\u00f3n 'Hispania Nostra. 50 a\u00f1os comprometidos con el patrimonio', organizada por la asociaci\u00f3n Hispania Nostra, y ha defendido que el mantenimiento del patrimonio cultural espa\u00f1ol es una labor \"extremadamente importante\".","enclosure":{"@attributes":{"url":"https:\/\/img.europapress.es\/fotoweb\/fotonoticia_20260428145942_120.jpg","length":"4096","type":"image\/jpeg"}},"guid":"https:\/\/www.europapress.es\/cultura\/exposiciones-00131\/noticia-urtasun-subraya-mantenimiento-patrimonio-espanol-labor-extremadamente-importante-20260428145942.html","pubDate":"Tue, 28 Apr 2026 12:59:42 GMT","category":["Cultura","Exposiciones"]},{"title":"Saiz sobre la regularizaci\u00f3n extraordinaria de migrantes: \"Estamos regularizando personas, no capitales opacos\"","link":"https:\/\/www.europapress.es\/epsocial\/migracion\/noticia-saiz-regularizacion-extraordinaria-migrantes-estamos-regularizando-personas-no-capitales-opacos-20260428143449.html","description":"La portavoz del Gobierno y ministra de Inclusi\u00f3n, Seguridad Social y Migraciones, Elma Saiz, ha asegurado este martes que el Gobierno est\u00e1 \"regularizando personas, no capitales opacos\".","enclosure":{"@attributes":{"url":"https:\/\/img.europapress.es\/fotoweb\/fotonoticia_20260428143449_120.jpg","length":"4096","type":"image\/jpeg"}},"guid":"https:\/\/www.europapress.es\/epsocial\/migracion\/noticia-saiz-regularizacion-extraordinaria-migrantes-estamos-regularizando-personas-no-capitales-opacos-20260428143449.html","pubDate":"Tue, 28 Apr 2026 12:34:49 GMT","category":["EP Social","Migraci\u00f3n"]}]